{"id":1170,"date":"2017-07-19T12:14:54","date_gmt":"2017-07-19T10:14:54","guid":{"rendered":"http:\/\/www.pdpkd.com\/?p=1170"},"modified":"2017-07-19T12:14:54","modified_gmt":"2017-07-19T10:14:54","slug":"odrzana-je-deveta-redovna-sjednica-skupstine-opstine-kozarska-dubica-07-07-2017","status":"publish","type":"post","link":"http:\/\/www.pdpkd.com\/?p=1170","title":{"rendered":"Odr\u017eana je deveta redovna sjednica Skup\u0161tine op\u0161tine Kozarska Dubica &#8211; (07.07.2017.)"},"content":{"rendered":"<p><a href=\"http:\/\/www.pdpkd.com\/wp-content\/uploads\/2015\/12\/pdp1.jpg\"><img loading=\"lazy\" decoding=\"async\" class=\"alignnone size-medium wp-image-541\" src=\"http:\/\/www.pdpkd.com\/wp-content\/uploads\/2015\/12\/pdp1-300x154.jpg\" alt=\"\" width=\"300\" height=\"154\" srcset=\"http:\/\/www.pdpkd.com\/wp-content\/uploads\/2015\/12\/pdp1-300x154.jpg 300w, http:\/\/www.pdpkd.com\/wp-content\/uploads\/2015\/12\/pdp1.jpg 470w\" sizes=\"auto, (max-width: 300px) 100vw, 300px\" \/><\/a><\/p>\n<ul>\n<li><strong>Rje\u0161enje o razrje\u0161enju predsjednika Skup\u0161tine op\u0161tine <\/strong><\/li>\n<li><strong>Rje\u0161enje o razrje\u0161enju v.d. sekretara Skup\u0161tine op\u0161tine <\/strong><\/li>\n<li><strong>Izbor i imenovanje predsjednika Skup\u0161tine op\u0161tine <\/strong><\/li>\n<li><strong>Rje\u0161enje o imenovanju v.d. sekretara Skup\u0161tine op\u0161tine<\/strong><\/li>\n<li><strong>Rje\u0161enje o imenovanju komisije za izbor sekretara Skup\u0161tine op\u0161tine<\/strong><\/li>\n<li><strong>Odluka o raspisivanju Javnog konkursa za izbor i imenovanje sekretara Skup\u0161tine op\u0161tine K.Dubica<\/strong><\/li>\n<\/ul>\n<p><strong>\u00a0<\/strong><\/p>\n<ul>\n<li><strong>Done\u0161eno je Rje\u0161enje o razrje\u0161enju predsjednika Skup\u0161tine op\u0161tine<\/strong><\/li>\n<\/ul>\n<p>Klub odbornika PDP-a <strong>glasao je za<\/strong> dono\u0161enje Rje\u0161enja o razrje\u0161enju predsjednika Skup\u0161tine op\u0161tine Dragana Ja\u0107imovi\u0107a zbog izbora na novu du\u017enost.<\/p>\n<p>&nbsp;<\/p>\n<ul>\n<li><strong>Done\u0161eno je Rje\u0161enje o razrje\u0161enju v.d. sekretara Skup\u0161tine op\u0161tine<\/strong><\/li>\n<\/ul>\n<p>Klub odbornika PDP-a <strong>glasao je za<\/strong> dono\u0161enje Rje\u0161enja o razrje\u0161enju v.d. sekretara Skup\u0161tine op\u0161tine Nata\u0161e Rodi\u0107 zbog isteka vremena na koje je imenovana.<\/p>\n<p>&nbsp;<\/p>\n<ul>\n<li><strong>Izabran je predsjednik Skup\u0161tine op\u0161tine<\/strong><\/li>\n<\/ul>\n<p>Klub odbornika PDP-a <strong>glasao je za <\/strong>izbor i imenovanje Milovana Bari\u0161i\u0107a za predsjednika Skup\u0161tine op\u0161tine Kozarska Dubica do isteka mandata aktuelnog saziva Skup\u0161tine op\u0161tine.<\/p>\n<p>&nbsp;<\/p>\n<p><strong>Dono\u0161enje Rje\u0161enja o imenovanju v.d. sekretara Skup\u0161tine op\u0161tine, o imenovanju komisije za izbor sekretara Skup\u0161tine op\u0161tine i Odluke o raspisivanju Javnog konkursa za izbor i imenovanje sekretara Skup\u0161tine op\u0161tine Kozarska Dubica, <\/strong>povu\u010deno je sa dnevnog reda skup\u0161tinskog zasijedanja zbog, kako je predlaga\u010d Na\u010delnik op\u0161tine obrazlo\u017eio \u2013 nemogu\u0107nosti postizanja saglasnosti po ovim pitanjima izme\u0111u stranaka koje \u010dine skup\u0161tinsku ve\u0107inu.<\/p>\n","protected":false},"excerpt":{"rendered":"<p>Rje\u0161enje o razrje\u0161enju predsjednika Skup\u0161tine op\u0161tine Rje\u0161enje o razrje\u0161enju v.d. sekretara Skup\u0161tine op\u0161tine Izbor i imenovanje predsjednika Skup\u0161tine op\u0161tine Rje\u0161enje<\/p>\n","protected":false},"author":1,"featured_media":0,"comment_status":"closed","ping_status":"open","sticky":false,"template":"","format":"standard","meta":{"footnotes":"","jetpack_publicize_message":"","jetpack_is_tweetstorm":false,"jetpack_publicize_feature_enabled":true,"jetpack_social_post_already_shared":true,"jetpack_social_options":{"image_generator_settings":{"template":"highway","enabled":false}}},"categories":[3],"tags":[],"class_list":["post-1170","post","type-post","status-publish","format-standard","hentry","category-info"],"jetpack_publicize_connections":[],"jetpack_featured_media_url":"","jetpack_sharing_enabled":true,"_links":{"self":[{"href":"http:\/\/www.pdpkd.com\/index.php?rest_route=\/wp\/v2\/posts\/1170","targetHints":{"allow":["GET"]}}],"collection":[{"href":"http:\/\/www.pdpkd.com\/index.php?rest_route=\/wp\/v2\/posts"}],"about":[{"href":"http:\/\/www.pdpkd.com\/index.php?rest_route=\/wp\/v2\/types\/post"}],"author":[{"embeddable":true,"href":"http:\/\/www.pdpkd.com\/index.php?rest_route=\/wp\/v2\/users\/1"}],"replies":[{"embeddable":true,"href":"http:\/\/www.pdpkd.com\/index.php?rest_route=%2Fwp%2Fv2%2Fcomments&post=1170"}],"version-history":[{"count":4,"href":"http:\/\/www.pdpkd.com\/index.php?rest_route=\/wp\/v2\/posts\/1170\/revisions"}],"predecessor-version":[{"id":1174,"href":"http:\/\/www.pdpkd.com\/index.php?rest_route=\/wp\/v2\/posts\/1170\/revisions\/1174"}],"wp:attachment":[{"href":"http:\/\/www.pdpkd.com\/index.php?rest_route=%2Fwp%2Fv2%2Fmedia&parent=1170"}],"wp:term":[{"taxonomy":"category","embeddable":true,"href":"http:\/\/www.pdpkd.com\/index.php?rest_route=%2Fwp%2Fv2%2Fcategories&post=1170"},{"taxonomy":"post_tag","embeddable":true,"href":"http:\/\/www.pdpkd.com\/index.php?rest_route=%2Fwp%2Fv2%2Ftags&post=1170"}],"curies":[{"name":"wp","href":"https:\/\/api.w.org\/{rel}","templated":true}]}}