{"id":1363,"date":"2017-12-22T12:24:46","date_gmt":"2017-12-22T11:24:46","guid":{"rendered":"http:\/\/www.pdpkd.com\/?p=1363"},"modified":"2017-12-22T12:24:46","modified_gmt":"2017-12-22T11:24:46","slug":"stocna-pijaca-od-700-000-km","status":"publish","type":"post","link":"http:\/\/www.pdpkd.com\/?p=1363","title":{"rendered":"STO\u010cNA PIJACA od 700.000 KM!"},"content":{"rendered":"<p><strong>Nakon dvije i po godine od po\u010detka gradnje, najavljeno je otvaranje nove sto\u010dne pijace. Da ne razmatramo rokove, ukaza\u0107emo na finansijsku stranu ovog projekta. <\/strong><\/p>\n<p><strong>Jo\u0161 2015.\u00a0<\/strong><strong>godine, u sedmom mjesecu, zapo\u010deta je izgradnja nove sto\u010dne pijace.\u00a0 \u00a0 \u00a0 \u00a0 \u00a0 \u00a0 \u00a0 \u00a0 \u00a0 \u00a0 \u00a0 \u00a0 Dubi\u010dka\u00a0<\/strong><strong>javnost je informisana da cijena radova iznosi oko 400.000 KM, a da je rok za zavr\u0161etak prve faze 90 dana.<\/strong><\/p>\n<p><a href=\"http:\/\/www.rtv-kd.com\/poinje-izgradnja-nove-stone-pijace\/\">Vijest od 17\/07\/2015<\/a> prilog rtv-kd<\/p>\n<p>PO\u010cINJE IZGRADNJA NOVE STO\u010cNE PIJACE<\/p>\n<p>Gradnju ovog zna\u010dajnog komunalnog objekta radi\u0107e preduze\u0107e Komunalac , a investicija u dvije faze vrijedi oko milion maraka.<\/p>\n<p>Ju\u010de su direktor komunalnog preduze\u0107a \u201eKomunalac\u201c Bo\u017eidar Nikoleti\u0107 i direktor i vlasnik preduze\u0107a \u201e\u0160umil\u201c Milan \u0160uvak potpisali dokument o po\u010detku izdradnje sto\u010dne pijace. Ovo gra\u0111evinsko preduze\u0107e bilo je najpovoljniji ponu\u0111a\u010d na tenderu, kazao je Nikoleti\u0107.<\/p>\n<p><a href=\"http:\/\/www.pdpkd.com\/wp-content\/uploads\/2017\/12\/images_vijesti_JULI2015_suvak-parcela-za-pijacu.jpg\"><img loading=\"lazy\" decoding=\"async\" class=\"alignnone  wp-image-1364\" src=\"http:\/\/www.pdpkd.com\/wp-content\/uploads\/2017\/12\/images_vijesti_JULI2015_suvak-parcela-za-pijacu-300x225.jpg\" alt=\"\" width=\"200\" height=\"150\" srcset=\"http:\/\/www.pdpkd.com\/wp-content\/uploads\/2017\/12\/images_vijesti_JULI2015_suvak-parcela-za-pijacu-300x225.jpg 300w, http:\/\/www.pdpkd.com\/wp-content\/uploads\/2017\/12\/images_vijesti_JULI2015_suvak-parcela-za-pijacu.jpg 768w\" sizes=\"auto, (max-width: 200px) 100vw, 200px\" \/>\u00a0\u00a0\u00a0\u00a0\u00a0\u00a0\u00a0\u00a0\u00a0<\/a><a href=\"http:\/\/www.pdpkd.com\/wp-content\/uploads\/2017\/12\/images_vijesti_JULI2015_suvak-potpis-1.jpg\"><img loading=\"lazy\" decoding=\"async\" class=\"alignnone  wp-image-1365\" src=\"http:\/\/www.pdpkd.com\/wp-content\/uploads\/2017\/12\/images_vijesti_JULI2015_suvak-potpis-1-300x225.jpg\" alt=\"\" width=\"193\" height=\"145\" srcset=\"http:\/\/www.pdpkd.com\/wp-content\/uploads\/2017\/12\/images_vijesti_JULI2015_suvak-potpis-1-300x225.jpg 300w, http:\/\/www.pdpkd.com\/wp-content\/uploads\/2017\/12\/images_vijesti_JULI2015_suvak-potpis-1.jpg 768w\" sizes=\"auto, (max-width: 193px) 100vw, 193px\" \/><\/a><a href=\"http:\/\/www.pdpkd.com\/wp-content\/uploads\/2017\/12\/images_vijesti_JULI2015_suvak-parcela-za-pijacu.jpg\">\u00a0\u00a0\u00a0\u00a0\u00a0\u00a0\u00a0\u00a0<\/a><a href=\"http:\/\/www.pdpkd.com\/wp-content\/uploads\/2017\/12\/images_vijesti_JULI2015_suvak-potpis-2.jpg\"><img loading=\"lazy\" decoding=\"async\" class=\"alignnone  wp-image-1366\" src=\"http:\/\/www.pdpkd.com\/wp-content\/uploads\/2017\/12\/images_vijesti_JULI2015_suvak-potpis-2-300x225.jpg\" alt=\"\" width=\"191\" height=\"143\" srcset=\"http:\/\/www.pdpkd.com\/wp-content\/uploads\/2017\/12\/images_vijesti_JULI2015_suvak-potpis-2-300x225.jpg 300w, http:\/\/www.pdpkd.com\/wp-content\/uploads\/2017\/12\/images_vijesti_JULI2015_suvak-potpis-2.jpg 768w\" sizes=\"auto, (max-width: 191px) 100vw, 191px\" \/><\/a><\/p>\n<p>\u201ePribavili smo svu potrebnu dokumentaciju , preduze\u0107e \u201eKomunalac\u201c je vlastitim sredstvima kupilo zemlju od op\u0161tine i idu\u0107e sedmice po\u010dinjemo radove na izgradnji prve faze sto\u010dne pijace. To je izgradnja infrastrukturnih objekata za normalno funkcuionisanje pijce, parking prostora , prilaznih puteva za teretna vozila i ostalih koji u\u010destvuju u prodaji i kupovini stoke, istakao je Nikoleti\u0107.<\/p>\n<p>Vrijednost radova u prvoj fazi je oko 400 hiljada maraka , a sredstva \u0107e se jednim dijelom obezbjediti kroz dokapitalizaciju preduze\u0107a koju nosi op\u0161tina Kozarska Dubica i drugi dio osigurava Fortis grupa , kao vlasnik najve\u0107eg broja akcija poslije op\u0161tine. Planirano je da se kroz projekte zatra\u017ee sredstva i od nadle\u017enog ministarstva.<\/p>\n<p>&nbsp;<\/p>\n<p><a href=\"http:\/\/www.pdpkd.com\/wp-content\/uploads\/2017\/12\/images_vijesti_JULI2015_suvak-stara-pijaca-2.jpg\"><img loading=\"lazy\" decoding=\"async\" class=\"alignnone  wp-image-1368\" src=\"http:\/\/www.pdpkd.com\/wp-content\/uploads\/2017\/12\/images_vijesti_JULI2015_suvak-stara-pijaca-2-300x225.jpg\" alt=\"\" width=\"207\" height=\"156\" srcset=\"http:\/\/www.pdpkd.com\/wp-content\/uploads\/2017\/12\/images_vijesti_JULI2015_suvak-stara-pijaca-2-300x225.jpg 300w, http:\/\/www.pdpkd.com\/wp-content\/uploads\/2017\/12\/images_vijesti_JULI2015_suvak-stara-pijaca-2.jpg 768w\" sizes=\"auto, (max-width: 207px) 100vw, 207px\" \/><\/a>\u00a0 \u00a0<a href=\"http:\/\/www.pdpkd.com\/wp-content\/uploads\/2017\/12\/images_vijesti_JULI2015_suvak-stara-pijaca-1.jpg\"><img loading=\"lazy\" decoding=\"async\" class=\"alignnone  wp-image-1369\" src=\"http:\/\/www.pdpkd.com\/wp-content\/uploads\/2017\/12\/images_vijesti_JULI2015_suvak-stara-pijaca-1-300x225.jpg\" alt=\"\" width=\"207\" height=\"155\" srcset=\"http:\/\/www.pdpkd.com\/wp-content\/uploads\/2017\/12\/images_vijesti_JULI2015_suvak-stara-pijaca-1-300x225.jpg 300w, http:\/\/www.pdpkd.com\/wp-content\/uploads\/2017\/12\/images_vijesti_JULI2015_suvak-stara-pijaca-1.jpg 768w\" sizes=\"auto, (max-width: 207px) 100vw, 207px\" \/><\/a><\/p>\n<p>Zavr\u0161etak radova u prvoj fazi planiran je za 90 dana, kada \u0107e se nova sto\u010dna pijaca staviti u funkciju.<\/p>\n<p>Druga faza podrazumjeva dodatno ure\u0111enje prostora sto\u010dne pijace , asfaltiranje puteva , te izgradnju jednog objekta sa vi\u0161e namjena , \u010dime \u0107e ovaj prostor predstavljati poslovno-sajamski kompeks , na kome \u0107e se osim poslova sto\u010dne pijace , organizovati manifestacije sajamskog tipa, istakao je Nikoleti\u0107.<\/p>\n<p>&nbsp;<\/p>\n<p><strong>Godinu dana nakon toga, u osmom mjesecu 2016. godine, radovi na prvoj fazi jo\u0161 uvijek nisu bili zavr\u0161eni, ali zavr\u0161etak je najavljen za septembar 2016., me\u0111utim, ovaj put po cijeni od 550.000 KM!<\/strong><\/p>\n<p><a title=\"12:01\" href=\"http:\/\/www.rtv-kd.com\/u-septembru-nova-stocna-pijaca-u-dolovima\/\" rel=\"bookmark\">Vijest od\u00a0<time class=\"entry-date published\" datetime=\"2016-08-17T12:01:23+00:00\">17\/08\/2016<\/time><\/a>\u00a0&#8211; prilog rtv-kd<\/p>\n<p>U SEPTEMBRU NOVA STO\u010cNA PIJACA U \u0110OLOVIMA<\/p>\n<p>Sredinom narednog mjeseca dubi\u010dki Komunalac \u0107e zvani\u010dno otvoriti novu sto\u010dnu pijacu, koja\u00a0 se u okviru\u00a0 Poslovno-sajamskog kompeksa\u00a0 radi\u00a0 na lokaciji \u0110olovi , na parceli od tranzitnog puta do naselja Petar Pecija ukupne povr\u0161ine 11 hiljada kvadrata, \u0161to je dvostruko ve\u0107a povr\u0161ina od postoje\u0107e sto\u010dne pijace.<\/p>\n<p>Izgradnja sto\u010dne pijace je prva faza ure\u0111enja ovog \u00a0ovog zna\u010dajnog komunalnog objekta i ko\u0161ta\u0107e oko 550 hiljada maraka, a sredstva obezbje\u0111uju op\u0161tina Kozarska Dubica i preduze\u0107e Komunalac,\u00a0 istakao je Bo\u017eidar Nikoleti\u0107 , direktor Komunalca.<\/p>\n<p>\u201ePrije godinu dana smo pribavili svu potrebnu dokumentaciju , preduze\u0107e \u201eKomunalac\u201c je vlastitim sredstvima kupilo zemlju od op\u0161tine u vrijednosti od 130 hiljada maraka , \u00a0a op\u0161tina je kroz dokapitalizaciju preduze\u0107a u\u010destovala sa 100 hiljada maraka\u201c, kazao\u00a0 je Nikoleti\u0107.<\/p>\n<p>U narednihh mjesec dana , koliko je ostalo do otvaranja nove sto\u010dne pijace u \u0110olovima, zavr\u0161i\u0107e se\u00a0 izgradnja infrastrukturnih objekata za normalno funkcuionisanje pijce,\u00a0 mokri \u010dvor , parking prostor , te\u00a0 prilazni putevi za teretna\u00a0 i ostala vozila\u00a0 koja u\u010destvuju u prodaji i kupovini stoke.<\/p>\n<p>Druga faza podrazumjeva dodatno ure\u0111enje prostora sto\u010dne pijace , asfaltiranje puteva , te\u00a0 izgradnju jednog objekta sa vi\u0161e namjena , \u010dime \u0107e ovaj prostor dobiti izgled i fukciju poslovno-sajamskog kompeksa , na kome \u0107e se osim poslova sto\u010dne pijace , organizovati manifestacije sajamskog tipa, istakao je Nikoleti\u0107.<\/p>\n<p>Izvo\u0111a\u010d radova je dubi\u010dko preduze\u0107e \u201e\u0160umil\u201c.<\/p>\n<p><a href=\"http:\/\/www.pdpkd.com\/wp-content\/uploads\/2017\/12\/komunalac-stocna3-768x576-640x480.jpg\"><img loading=\"lazy\" decoding=\"async\" class=\"alignnone  wp-image-1373\" src=\"http:\/\/www.pdpkd.com\/wp-content\/uploads\/2017\/12\/komunalac-stocna3-768x576-640x480-300x225.jpg\" alt=\"\" width=\"225\" height=\"169\" srcset=\"http:\/\/www.pdpkd.com\/wp-content\/uploads\/2017\/12\/komunalac-stocna3-768x576-640x480-300x225.jpg 300w, http:\/\/www.pdpkd.com\/wp-content\/uploads\/2017\/12\/komunalac-stocna3-768x576-640x480.jpg 640w\" sizes=\"auto, (max-width: 225px) 100vw, 225px\" \/>\u00a0\u00a0\u00a0<\/a><a href=\"http:\/\/www.pdpkd.com\/wp-content\/uploads\/2017\/12\/komunalac-stocna2-1-768x576-640x480.jpg\"><img loading=\"lazy\" decoding=\"async\" class=\"alignnone  wp-image-1374\" src=\"http:\/\/www.pdpkd.com\/wp-content\/uploads\/2017\/12\/komunalac-stocna2-1-768x576-640x480-300x225.jpg\" alt=\"\" width=\"223\" height=\"167\" srcset=\"http:\/\/www.pdpkd.com\/wp-content\/uploads\/2017\/12\/komunalac-stocna2-1-768x576-640x480-300x225.jpg 300w, http:\/\/www.pdpkd.com\/wp-content\/uploads\/2017\/12\/komunalac-stocna2-1-768x576-640x480.jpg 640w\" sizes=\"auto, (max-width: 223px) 100vw, 223px\" \/><\/a><a href=\"http:\/\/www.pdpkd.com\/wp-content\/uploads\/2017\/12\/komunalac-stocna3-768x576-640x480.jpg\">\u00a0\u00a0<\/a><a href=\"http:\/\/www.pdpkd.com\/wp-content\/uploads\/2017\/12\/stocna-pijaca-768x576-640x480.jpg\"><img loading=\"lazy\" decoding=\"async\" class=\"alignnone  wp-image-1375\" src=\"http:\/\/www.pdpkd.com\/wp-content\/uploads\/2017\/12\/stocna-pijaca-768x576-640x480-300x225.jpg\" alt=\"\" width=\"224\" height=\"168\" srcset=\"http:\/\/www.pdpkd.com\/wp-content\/uploads\/2017\/12\/stocna-pijaca-768x576-640x480-300x225.jpg 300w, http:\/\/www.pdpkd.com\/wp-content\/uploads\/2017\/12\/stocna-pijaca-768x576-640x480.jpg 640w\" sizes=\"auto, (max-width: 224px) 100vw, 224px\" \/><\/a><\/p>\n<p>&nbsp;<\/p>\n<p><strong>Prohujala je jo\u0161 jedna godina i u oktobru 2017. najavljuje se skori zavr\u0161etak prve faze izgradnje nove sto\u010dne pijace, sada po cijeni 600.000 KM!<\/strong><\/p>\n<p><a title=\"12:01\" href=\"http:\/\/www.rtv-kd.com\/u-septembru-nova-stocna-pijaca-u-dolovima\/\" rel=\"bookmark\"><time class=\"entry-date published\" datetime=\"2016-08-17T12:01:23+00:00\">Vijest od 17\/08\/2016<\/time><\/a>\u00a0&#8211; prilog rtv-kd<\/p>\n<p>USKORO NOVA STO\u010cNA PIJACA<\/p>\n<p>Za dvadesetak dana \u00a0dubi\u010dki \u201eKomunalac\u201c \u0107e zvani\u010dno otvoriti novu sto\u010dnu pijacu, koja\u00a0 je u okviru\u00a0 Poslovno-sajamskog kompeksa\u00a0 izgra\u0111ena \u00a0na lokaciji \u0110olovi , na parceli od tranzitnog puta do naselja Petar Pecija , ukupne povr\u0161ine 11 hiljada kvadrata.<\/p>\n<p>\u201eIdeja uprave \u201eKomunalca\u201c \u00a0bila\u00a0 je da ovaj prostor bude \u0161iri od klasi\u010dne sto\u010dne pijace , mada \u0107e prvenstevno imati tu funkciju. Ogradili smo ovaj prostor, postavili ivi\u010dnjake , uredili zelene \u00a0povr\u0161ine, postavili modernu digitalnu vagu\u00a0 za vaganje \u00a0stoke, \u00a0novi monta\u017eni \u00a0ugostiteljski objekat , te izgradili moderan sanitarni blok\u201c, kazao je Bo\u017eidar Nikoleti\u0107, direktor preduze\u0107a \u201eKomunalac\u201c.<\/p>\n<p>Izgradnja sto\u010dne pijace je prva faza ure\u0111enja ovog \u00a0ovog zna\u010dajnog komunalnog objekta i ko\u0161ta\u0107e 600 hiljada maraka, a sredstva obezbje\u0111uju preduze\u0107e \u201cKomunalac\u201d i op\u0161tina Kozarska Dubica.. \u201eOp\u0161tina je ranije u\u010destvovala kroz \u00a0dokapitalizaciju preduze\u0107a kupovinom akcija , a ovih \u0107e dana nakon usvajanja rebalansa bud\u017eeta\u00a0 dozna\u010di\u0107e \u201eKomunalcu\u201c grant u vrijendosti 175 hiljada maraka \u0161to je u\u010de\u0161\u0107e op\u0161tine u izgradnji ovog objekta,\u201c naglasio je Nikoleti\u0107.<\/p>\n<p><a href=\"http:\/\/www.pdpkd.com\/wp-content\/uploads\/2017\/12\/komunalac-2-13-10-2017-1-768x576-640x480.jpg\"><img loading=\"lazy\" decoding=\"async\" class=\"alignnone  wp-image-1376\" src=\"http:\/\/www.pdpkd.com\/wp-content\/uploads\/2017\/12\/komunalac-2-13-10-2017-1-768x576-640x480-300x225.jpg\" alt=\"\" width=\"235\" height=\"176\" srcset=\"http:\/\/www.pdpkd.com\/wp-content\/uploads\/2017\/12\/komunalac-2-13-10-2017-1-768x576-640x480-300x225.jpg 300w, http:\/\/www.pdpkd.com\/wp-content\/uploads\/2017\/12\/komunalac-2-13-10-2017-1-768x576-640x480.jpg 640w\" sizes=\"auto, (max-width: 235px) 100vw, 235px\" \/>\u00a0\u00a0<\/a><a href=\"http:\/\/www.pdpkd.com\/wp-content\/uploads\/2017\/12\/komunalac-3-13-10-2017-768x576-640x480.jpg\"><img loading=\"lazy\" decoding=\"async\" class=\"alignnone  wp-image-1377\" src=\"http:\/\/www.pdpkd.com\/wp-content\/uploads\/2017\/12\/komunalac-3-13-10-2017-768x576-640x480-300x225.jpg\" alt=\"\" width=\"234\" height=\"176\" srcset=\"http:\/\/www.pdpkd.com\/wp-content\/uploads\/2017\/12\/komunalac-3-13-10-2017-768x576-640x480-300x225.jpg 300w, http:\/\/www.pdpkd.com\/wp-content\/uploads\/2017\/12\/komunalac-3-13-10-2017-768x576-640x480.jpg 640w\" sizes=\"auto, (max-width: 234px) 100vw, 234px\" \/><\/a><a href=\"http:\/\/www.pdpkd.com\/wp-content\/uploads\/2017\/12\/komunalac-2-13-10-2017-1-768x576-640x480.jpg\">\u00a0\u00a0<\/a><a href=\"http:\/\/www.pdpkd.com\/wp-content\/uploads\/2017\/12\/komunalac-5-13-10-2017-768x576-640x480.jpg\"><img loading=\"lazy\" decoding=\"async\" class=\"alignnone  wp-image-1378\" src=\"http:\/\/www.pdpkd.com\/wp-content\/uploads\/2017\/12\/komunalac-5-13-10-2017-768x576-640x480-300x225.jpg\" alt=\"\" width=\"234\" height=\"175\" srcset=\"http:\/\/www.pdpkd.com\/wp-content\/uploads\/2017\/12\/komunalac-5-13-10-2017-768x576-640x480-300x225.jpg 300w, http:\/\/www.pdpkd.com\/wp-content\/uploads\/2017\/12\/komunalac-5-13-10-2017-768x576-640x480.jpg 640w\" sizes=\"auto, (max-width: 234px) 100vw, 234px\" \/><\/a><\/p>\n<p>&nbsp;<\/p>\n<p><strong>I kona\u010dno, sto\u010dna pijaca na novoj lokaciji od srijede, 27. decembra.\u00a0\u00a0<\/strong><strong>Sto\u010dna pijaca je ostala na prvoj fazi, ali po cijeni od \u2013 700.000 KM!<\/strong><\/p>\n<p><a title=\"10:36\" href=\"http:\/\/www.rtv-kd.com\/nova-stocna-pijaca-bice-otvorena-27-decembra\/\" rel=\"bookmark\"><time class=\"entry-date published\" datetime=\"2017-12-21T10:36:28+00:00\">Vijest od 21\/12\/2017<\/time><\/a>\u00a0&#8211; prilog rtv-kd<\/p>\n<p>STO\u010cNA PIJACA NA NOVOJ LOKACIJI OD SRIJEDE, 27. DECEMBRA<\/p>\n<p>U srijedu ,27.decembra zvani\u010dno \u0107e biti otvorena nova sto\u010dna pijaca u Kozarskoj Dubici koju\u00a0 je \u201eKomunalac\u201c izgradio u okviru\u00a0 Poslovno-sajamskog kompleksa\u00a0na lokaciji \u0110olovi , na parceli od tranzitnog puta do naselja Petar Pecija , ukupne povr\u0161ine 11 hiljada kvadrata.<\/p>\n<p>Sve\u010dano otvaranje planirano je u 12 \u010dasova , kada \u0107e simboli\u010dnim presjecanjem vrpce ovaj komunalni objekat zvani\u010dno otvoriti na\u010delnik op\u0161tine Radenko Relji\u0107, narodni poslanik Darko Banjac i direktor \u201eKomunalca\u201c Bo\u017eidar Nikoleti\u0107.<\/p>\n<p>Vrijednost ove investicije je 700 hiljada maraka , a \u00a0sredstva su obezbijedili preduze\u0107e \u201eKomunalac\u201c i Op\u0161tina Kozarska Dubica.<\/p>\n<p>Dan zvani\u010dnog otvaranja, 27.decembar 2017.godine bi\u0107e i prvi radni dan nove sto\u010dne pijace , koja \u0107e u narednom periodu ,kao i do sada, za promet stoke biti otvorena od 6 do 12 \u010dasova svake srijede.<\/p>\n<p>Za poljoprivrednike je zna\u010dajno ista\u0107i da bolji uslovi ne\u0107e donijeli ve\u0107e tro\u0161kove jer cijene ulaza i vagarine ostaju iste.<a href=\"http:\/\/www.pdpkd.com\/wp-content\/uploads\/2017\/12\/komunalac-3-13-10-2017-768x576-640x480.jpg\"><img loading=\"lazy\" decoding=\"async\" class=\"size-medium wp-image-1377 aligncenter\" src=\"http:\/\/www.pdpkd.com\/wp-content\/uploads\/2017\/12\/komunalac-3-13-10-2017-768x576-640x480-300x225.jpg\" alt=\"\" width=\"300\" height=\"225\" srcset=\"http:\/\/www.pdpkd.com\/wp-content\/uploads\/2017\/12\/komunalac-3-13-10-2017-768x576-640x480-300x225.jpg 300w, http:\/\/www.pdpkd.com\/wp-content\/uploads\/2017\/12\/komunalac-3-13-10-2017-768x576-640x480.jpg 640w\" sizes=\"auto, (max-width: 300px) 100vw, 300px\" \/><\/a><\/p>\n","protected":false},"excerpt":{"rendered":"<p>Nakon dvije i po godine od po\u010detka gradnje, najavljeno je otvaranje nove sto\u010dne pijace. Da ne razmatramo rokove, ukaza\u0107emo na<\/p>\n","protected":false},"author":1,"featured_media":1377,"comment_status":"closed","ping_status":"open","sticky":false,"template":"","format":"standard","meta":{"footnotes":"","jetpack_publicize_message":"","jetpack_is_tweetstorm":false,"jetpack_publicize_feature_enabled":true,"jetpack_social_post_already_shared":true,"jetpack_social_options":{"image_generator_settings":{"template":"highway","enabled":false}}},"categories":[3],"tags":[],"class_list":["post-1363","post","type-post","status-publish","format-standard","has-post-thumbnail","hentry","category-info"],"jetpack_publicize_connections":[],"jetpack_featured_media_url":"http:\/\/www.pdpkd.com\/wp-content\/uploads\/2017\/12\/komunalac-3-13-10-2017-768x576-640x480.jpg","jetpack_sharing_enabled":true,"_links":{"self":[{"href":"http:\/\/www.pdpkd.com\/index.php?rest_route=\/wp\/v2\/posts\/1363","targetHints":{"allow":["GET"]}}],"collection":[{"href":"http:\/\/www.pdpkd.com\/index.php?rest_route=\/wp\/v2\/posts"}],"about":[{"href":"http:\/\/www.pdpkd.com\/index.php?rest_route=\/wp\/v2\/types\/post"}],"author":[{"embeddable":true,"href":"http:\/\/www.pdpkd.com\/index.php?rest_route=\/wp\/v2\/users\/1"}],"replies":[{"embeddable":true,"href":"http:\/\/www.pdpkd.com\/index.php?rest_route=%2Fwp%2Fv2%2Fcomments&post=1363"}],"version-history":[{"count":11,"href":"http:\/\/www.pdpkd.com\/index.php?rest_route=\/wp\/v2\/posts\/1363\/revisions"}],"predecessor-version":[{"id":1385,"href":"http:\/\/www.pdpkd.com\/index.php?rest_route=\/wp\/v2\/posts\/1363\/revisions\/1385"}],"wp:featuredmedia":[{"embeddable":true,"href":"http:\/\/www.pdpkd.com\/index.php?rest_route=\/wp\/v2\/media\/1377"}],"wp:attachment":[{"href":"http:\/\/www.pdpkd.com\/index.php?rest_route=%2Fwp%2Fv2%2Fmedia&parent=1363"}],"wp:term":[{"taxonomy":"category","embeddable":true,"href":"http:\/\/www.pdpkd.com\/index.php?rest_route=%2Fwp%2Fv2%2Fcategories&post=1363"},{"taxonomy":"post_tag","embeddable":true,"href":"http:\/\/www.pdpkd.com\/index.php?rest_route=%2Fwp%2Fv2%2Ftags&post=1363"}],"curies":[{"name":"wp","href":"https:\/\/api.w.org\/{rel}","templated":true}]}}